{"id":1,"date":"2025-08-27T15:48:00","date_gmt":"2025-08-27T15:48:00","guid":{"rendered":"http:\/\/rcunkel.de\/?p=1"},"modified":"2026-01-25T10:46:18","modified_gmt":"2026-01-25T10:46:18","slug":"hello-world","status":"publish","type":"post","link":"https:\/\/rcunkel.de\/?p=1","title":{"rendered":"Gelungener Start"},"content":{"rendered":"\n<p>Das Repair Caf\u00e9 in Unkel ist gestartet und die Resonanz zeigt, dass es einen gro\u00dfen Bedarf daf\u00fcr gibt.<\/p>\n\n\n\n<p>12 Helfer und eine Helferin sind bei der Reparaturinitiative aktiv und w\u00fcnschen sich viele Reparatur-Anforderungen. Repariert wird nahezu alles, bis auf Gro\u00dfger\u00e4te (Waschmaschine, Herde etc.)<\/p>\n\n\n\n<p>Gerne stehen die Spezialisten auch mit fachlichem Rat zur Seite, um Ger\u00e4te-Handhabungen zu erkl\u00e4ren oder zu optimieren.<\/p>\n\n\n\n<figure class=\"wp-block-gallery has-nested-images columns-default is-cropped wp-block-gallery-3 is-layout-flex wp-block-gallery-is-layout-flex\">\n<figure class=\"wp-block-image size-large wp-duotone-unset-1\"><img loading=\"lazy\" decoding=\"async\" width=\"670\" height=\"503\" data-id=\"150\" src=\"https:\/\/rcunkel.de\/wp-content\/uploads\/2025\/12\/1000082007.jpg\" alt=\"\" class=\"wp-image-150\" srcset=\"https:\/\/rcunkel.de\/wp-content\/uploads\/2025\/12\/1000082007.jpg 670w, https:\/\/rcunkel.de\/wp-content\/uploads\/2025\/12\/1000082007-300x225.jpg 300w\" sizes=\"auto, (max-width: 670px) 100vw, 670px\" \/><\/figure>\n\n\n\n<figure class=\"wp-block-image size-large wp-duotone-unset-2\"><img loading=\"lazy\" decoding=\"async\" width=\"882\" height=\"1024\" data-id=\"155\" src=\"https:\/\/rcunkel.de\/wp-content\/uploads\/2025\/12\/1000082012-e1765981938151-882x1024.jpg\" alt=\"\" class=\"wp-image-155\" srcset=\"https:\/\/rcunkel.de\/wp-content\/uploads\/2025\/12\/1000082012-e1765981938151-882x1024.jpg 882w, https:\/\/rcunkel.de\/wp-content\/uploads\/2025\/12\/1000082012-e1765981938151-258x300.jpg 258w, https:\/\/rcunkel.de\/wp-content\/uploads\/2025\/12\/1000082012-e1765981938151-768x892.jpg 768w, https:\/\/rcunkel.de\/wp-content\/uploads\/2025\/12\/1000082012-e1765981938151.jpg 1152w\" sizes=\"auto, (max-width: 882px) 100vw, 882px\" \/><\/figure>\n<\/figure>\n\n\n\n<p>Das Repair-Caf\u00e9-Team freut sich auf neue Aufgaben und Besucherinnen und Besucher.<\/p>\n\n\n\n<p>Interessierte, die das gesamte Team unterst\u00fctzen wollen, k\u00f6nnen sich bei Norbert Schuster melden.<\/p>\n\n\n\n<p>Telefon 0156\/79727769<br>E-Mail an&nbsp;<a href=\"mailto:rcunkel@web.de\" target=\"_blank\" rel=\"noreferrer noopener\">rcunkel@web.de<\/a>&nbsp;<\/p>\n\n\n\n<div class=\"wp-block-buttons is-layout-flex wp-block-buttons-is-layout-flex\">\n<div class=\"wp-block-button is-style-outline is-style-outline--4\"><a class=\"wp-block-button__link has-contrast-background-color has-background has-border-color has-contrast-border-color wp-element-button\" href=\"https:\/\/rcunkel.de\/?page_id=17\">Reparatur Anmelden<\/a><\/div>\n\n\n\n<div class=\"wp-block-button is-style-outline is-style-outline--5\"><a class=\"wp-block-button__link has-black-color has-secondary-background-color has-text-color has-background has-link-color has-border-color has-secondary-border-color wp-element-button\" href=\"https:\/\/rcunkel.de\/?page_id=18\">Ich will mitmachen<\/a><\/div>\n<\/div>\n","protected":false},"excerpt":{"rendered":"<p>Das Repair Caf\u00e9 in Unkel ist gestartet und die Resonanz zeigt, dass es einen gro\u00dfen Bedarf daf\u00fcr gibt.<\/p>\n","protected":false},"author":1,"featured_media":154,"comment_status":"open","ping_status":"closed","sticky":false,"template":"","format":"standard","meta":{"footnotes":""},"categories":[1],"tags":[],"class_list":["post-1","post","type-post","status-publish","format-standard","has-post-thumbnail","hentry","category-news"],"_links":{"self":[{"href":"https:\/\/rcunkel.de\/index.php?rest_route=\/wp\/v2\/posts\/1","targetHints":{"allow":["GET"]}}],"collection":[{"href":"https:\/\/rcunkel.de\/index.php?rest_route=\/wp\/v2\/posts"}],"about":[{"href":"https:\/\/rcunkel.de\/index.php?rest_route=\/wp\/v2\/types\/post"}],"author":[{"embeddable":true,"href":"https:\/\/rcunkel.de\/index.php?rest_route=\/wp\/v2\/users\/1"}],"replies":[{"embeddable":true,"href":"https:\/\/rcunkel.de\/index.php?rest_route=%2Fwp%2Fv2%2Fcomments&post=1"}],"version-history":[{"count":7,"href":"https:\/\/rcunkel.de\/index.php?rest_route=\/wp\/v2\/posts\/1\/revisions"}],"predecessor-version":[{"id":253,"href":"https:\/\/rcunkel.de\/index.php?rest_route=\/wp\/v2\/posts\/1\/revisions\/253"}],"wp:featuredmedia":[{"embeddable":true,"href":"https:\/\/rcunkel.de\/index.php?rest_route=\/wp\/v2\/media\/154"}],"wp:attachment":[{"href":"https:\/\/rcunkel.de\/index.php?rest_route=%2Fwp%2Fv2%2Fmedia&parent=1"}],"wp:term":[{"taxonomy":"category","embeddable":true,"href":"https:\/\/rcunkel.de\/index.php?rest_route=%2Fwp%2Fv2%2Fcategories&post=1"},{"taxonomy":"post_tag","embeddable":true,"href":"https:\/\/rcunkel.de\/index.php?rest_route=%2Fwp%2Fv2%2Ftags&post=1"}],"curies":[{"name":"wp","href":"https:\/\/api.w.org\/{rel}","templated":true}]}}